{"id":12906,"date":"2019-04-04T19:57:01","date_gmt":"2019-04-04T19:57:01","guid":{"rendered":"https:\/\/fhperry.com\/angela-prizio-recibe-el-premio-nacional-40-under-40-de-la-revista-proremodeler\/"},"modified":"2022-06-01T18:55:38","modified_gmt":"2022-06-01T18:55:38","slug":"angela-prizio-recibe-el-premio-nacional-40-under-40-de-la-revista-proremodeler","status":"publish","type":"post","link":"https:\/\/fhperry.com\/es\/angela-prizio-recibe-el-premio-nacional-40-under-40-de-la-revista-proremodeler\/","title":{"rendered":"Angela Prizio recibe el premio nacional \u00ab40 under 40\u00bb de la revista ProRemodeler"},"content":{"rendered":"[vc_row type=\u00bbfull_width_background\u00bb full_screen_row_position=\u00bbmiddle\u00bb column_margin=\u00bbdefault\u00bb bg_image=\u00bb6642&#8243; bg_position=\u00bbleft top\u00bb bg_repeat=\u00bbno-repeat\u00bb scene_position=\u00bbcenter\u00bb text_color=\u00bbdark\u00bb text_align=\u00bbleft\u00bb bottom_padding=\u00bb0&#8243; class=\u00bbf-bg\u00bb overlay_strength=\u00bb0.3&#8243; shape_divider_position=\u00bbbottom\u00bb bg_image_animation=\u00bbnone\u00bb shape_type=\u00bb\u00bb][vc_column column_padding=\u00bbno-extra-padding\u00bb column_padding_position=\u00bball\u00bb background_color_opacity=\u00bb1&#8243; background_hover_color_opacity=\u00bb1&#8243; column_link_target=\u00bb_self\u00bb column_shadow=\u00bbnone\u00bb column_border_radius=\u00bbnone\u00bb width=\u00bb1\/1&#8243; tablet_width_inherit=\u00bbdefault\u00bb tablet_text_alignment=\u00bbdefault\u00bb phone_text_alignment=\u00bbdefault\u00bb overlay_strength=\u00bb0.3&#8243; column_border_width=\u00bbnone\u00bb column_border_style=\u00bbsolid\u00bb bg_image_animation=\u00bbnone\u00bb][vc_column_text]<img decoding=\"async\" class=\"alignright size-full wp-image-3295\" style=\"max-width: 340px; padding-ledt: 8px;\" src=\"https:\/\/fhperry.com\/wp-content\/uploads\/2019\/04\/angela-headshot-blue.jpg\" alt=\"\">Angela Prizio, directora de finanzas de F. H. Perry Builder en Hopkinton, MA, acaba de recibir el Premio \u00ab40 Under 40\u00bb 2019 presentado por la revista <em>Professional Remodeler<\/em> . Los premios anuales reconocen los logros sobresalientes en la industria de la remodelaci\u00f3n en todo el pa\u00eds. Angela fue una de las 10 galardonadas en la categor\u00eda \u00abEquipo Ejecutivo\u00bb.<\/p>\n<p>Se uni\u00f3 a F.H. Perry Builder en 2015 despu\u00e9s de trabajar en varios puestos financieros para compa\u00f1\u00edas metrowest durante nueve a\u00f1os, m\u00e1s recientemente como gerente de contabilidad para Intralign Advanced Analytics (anteriormente Neocure Group LLC) en Sherborn.<\/p>\n<p>Como Directora de Finanzas en F. H. Perry Builder, Angela es responsable de supervisar todos los informes financieros y administrar las operaciones diarias del departamento de finanzas. Si bien las finanzas son una parte central de su trabajo, tambi\u00e9n es responsable de los recursos humanos y la gesti\u00f3n general de operaciones.<\/p>\n<p>\u00abMi mayor sensaci\u00f3n de satisfacci\u00f3n al trabajar en F.H. Perry Builder es ver el nivel de pasi\u00f3n que mis compa\u00f1eros de trabajo tienen por lo que hacen\u00bb, coment\u00f3 Angela. \u00abYa tenemos un producto incre\u00edble producido por empleados y socios comerciales incre\u00edbles y la capacidad de ser parte del proceso para hacerlo a\u00fan mejor en el futuro es realmente emocionante para m\u00ed\u00bb.<\/p>\n<p>\u00abLa experiencia financiera de Angela y su genuina preocupaci\u00f3n por la completa satisfacci\u00f3n de nuestros clientes con nuestro trabajo es una combinaci\u00f3n rara\u00bb, se\u00f1al\u00f3 F. H. Perry Builder, propietario y presidente Allison Iantosca. \u00abSu deseo de mejorar constantemente ella misma y nuestras operaciones comerciales a medida que continuamos creciendo como empresa es compartida por sus compa\u00f1eros de trabajo, lo que resulta en un enfoque m\u00e1s personal de la forma en que conducimos nuestro negocio\u00bb, agreg\u00f3.<\/p>\n<p>Como Millennial, Angela cree que su generaci\u00f3n est\u00e1 buscando cultura corporativa, equilibrio entre el trabajo y la vida, un sentido de pertenencia y prop\u00f3sito en una empresa. \u00abTenemos un equipo ejecutivo din\u00e1mico que se esfuerza constantemente por aprender, crecer y difundir sus conocimientos\u00bb, dijo Angela.<\/p>\n<p>Angela se gradu\u00f3 de Nichols College, donde recibi\u00f3 sus t\u00edtulos de BSBA y MBA con concentraciones en contabilidad y finanzas. En su tiempo libre, Angela equilibra su amor por los viajes y la jardiner\u00eda con el senderismo, el esqu\u00ed y el ciclismo. Cada a\u00f1o participa en viajes de recaudaci\u00f3n de fondos (generalmente alrededor de 100 millas) y este a\u00f1o estar\u00e1 montando para la esclerosis m\u00faltiple el 29<sup>de<\/sup> junio en el \u00abBike MS: Cape Cod Getaway 2019\u00bb.<br \/>\n[\/vc_column_text][\/vc_column][\/vc_row]\n","protected":false},"excerpt":{"rendered":"<p>[vc_row type=\u00bbfull_width_background\u00bb full_screen_row_position=\u00bbmiddle\u00bb column_margin=\u00bbdefault\u00bb bg_image=\u00bb6642&#8243; bg_position=\u00bbleft top\u00bb bg_repeat=\u00bbno-repeat\u00bb scene_position=\u00bbcenter\u00bb text_color=\u00bbdark\u00bb text_align=\u00bbleft\u00bb bottom_padding=\u00bb0&#8243; class=\u00bbf-bg\u00bb overlay_strength=\u00bb0.3&#8243; shape_divider_position=\u00bbbottom\u00bb bg_image_animation=\u00bbnone\u00bb shape_type=\u00bb\u00bb][vc_column column_padding=\u00bbno-extra-padding\u00bb column_padding_position=\u00bball\u00bb background_color_opacity=\u00bb1&#8243; background_hover_color_opacity=\u00bb1&#8243; column_link_target=\u00bb_self\u00bb column_shadow=\u00bbnone\u00bb column_border_radius=\u00bbnone\u00bb width=\u00bb1\/1&#8243; tablet_width_inherit=\u00bbdefault\u00bb tablet_text_alignment=\u00bbdefault\u00bb phone_text_alignment=\u00bbdefault\u00bb overlay_strength=\u00bb0.3&#8243; column_border_width=\u00bbnone\u00bb&#8230;<\/p>\n","protected":false},"author":18,"featured_media":10030,"comment_status":"open","ping_status":"open","sticky":false,"template":"","format":"standard","meta":{"footnotes":""},"categories":[95],"tags":[],"class_list":{"0":"post-12906","1":"post","2":"type-post","3":"status-publish","4":"format-standard","5":"has-post-thumbnail","7":"category-prensa"},"yoast_head":"<!-- This site is optimized with the Yoast SEO plugin v27.3 - https:\/\/yoast.com\/product\/yoast-seo-wordpress\/ -->\n<title>Angela Prizio recibe el premio nacional &quot;40 under 40&quot; de la revista ProRemodeler - F.H. Perry Constructor<\/title>\n<meta name=\"robots\" content=\"index, follow, max-snippet:-1, max-image-preview:large, max-video-preview:-1\" \/>\n<link rel=\"canonical\" href=\"https:\/\/fhperry.com\/es\/angela-prizio-recibe-el-premio-nacional-40-under-40-de-la-revista-proremodeler\/\" \/>\n<meta property=\"og:locale\" content=\"es_ES\" \/>\n<meta property=\"og:type\" content=\"article\" \/>\n<meta property=\"og:title\" content=\"Angela Prizio recibe el premio nacional &quot;40 under 40&quot; de la revista ProRemodeler - F.H. Perry Constructor\" \/>\n<meta property=\"og:description\" content=\"[vc_row type=\u00bbfull_width_background\u00bb full_screen_row_position=\u00bbmiddle\u00bb column_margin=\u00bbdefault\u00bb bg_image=\u00bb6642&#8243; bg_position=\u00bbleft top\u00bb bg_repeat=\u00bbno-repeat\u00bb scene_position=\u00bbcenter\u00bb text_color=\u00bbdark\u00bb text_align=\u00bbleft\u00bb bottom_padding=\u00bb0&#8243; class=\u00bbf-bg\u00bb overlay_strength=\u00bb0.3&#8243; shape_divider_position=\u00bbbottom\u00bb bg_image_animation=\u00bbnone\u00bb shape_type=\u00bb\u00bb][vc_column column_padding=\u00bbno-extra-padding\u00bb column_padding_position=\u00bball\u00bb background_color_opacity=\u00bb1&#8243; background_hover_color_opacity=\u00bb1&#8243; column_link_target=\u00bb_self\u00bb column_shadow=\u00bbnone\u00bb column_border_radius=\u00bbnone\u00bb width=\u00bb1\/1&#8243; tablet_width_inherit=\u00bbdefault\u00bb tablet_text_alignment=\u00bbdefault\u00bb phone_text_alignment=\u00bbdefault\u00bb overlay_strength=\u00bb0.3&#8243; column_border_width=\u00bbnone\u00bb...\" \/>\n<meta property=\"og:url\" content=\"https:\/\/fhperry.com\/es\/angela-prizio-recibe-el-premio-nacional-40-under-40-de-la-revista-proremodeler\/\" \/>\n<meta property=\"og:site_name\" content=\"F.H. Perry Constructor\" \/>\n<meta property=\"article:published_time\" content=\"2019-04-04T19:57:01+00:00\" \/>\n<meta property=\"article:modified_time\" content=\"2022-06-01T18:55:38+00:00\" \/>\n<meta property=\"og:image\" content=\"https:\/\/fhperry.com\/wp-content\/uploads\/2019\/04\/angela-headshot-blue.jpg\" \/>\n\t<meta property=\"og:image:width\" content=\"400\" \/>\n\t<meta property=\"og:image:height\" content=\"500\" \/>\n\t<meta property=\"og:image:type\" content=\"image\/jpeg\" \/>\n<meta name=\"author\" content=\"FH Perry\" \/>\n<meta name=\"twitter:label1\" content=\"Escrito por\" \/>\n\t<meta name=\"twitter:data1\" content=\"FH Perry\" \/>\n\t<meta name=\"twitter:label2\" content=\"Tiempo de lectura\" \/>\n\t<meta name=\"twitter:data2\" content=\"3 minutos\" \/>\n<script type=\"application\/ld+json\" class=\"yoast-schema-graph\">{\"@context\":\"https:\\\/\\\/schema.org\",\"@graph\":[{\"@type\":\"Article\",\"@id\":\"https:\\\/\\\/fhperry.com\\\/es\\\/angela-prizio-recibe-el-premio-nacional-40-under-40-de-la-revista-proremodeler\\\/#article\",\"isPartOf\":{\"@id\":\"https:\\\/\\\/fhperry.com\\\/es\\\/angela-prizio-recibe-el-premio-nacional-40-under-40-de-la-revista-proremodeler\\\/\"},\"author\":{\"name\":\"FH Perry\",\"@id\":\"https:\\\/\\\/fhperry.com\\\/es\\\/#\\\/schema\\\/person\\\/5a6eaa9107d9fbdfa1bea95d5649a1c0\"},\"headline\":\"Angela Prizio recibe el premio nacional \u00ab40 under 40\u00bb de la revista ProRemodeler\",\"datePublished\":\"2019-04-04T19:57:01+00:00\",\"dateModified\":\"2022-06-01T18:55:38+00:00\",\"mainEntityOfPage\":{\"@id\":\"https:\\\/\\\/fhperry.com\\\/es\\\/angela-prizio-recibe-el-premio-nacional-40-under-40-de-la-revista-proremodeler\\\/\"},\"wordCount\":551,\"commentCount\":0,\"image\":{\"@id\":\"https:\\\/\\\/fhperry.com\\\/es\\\/angela-prizio-recibe-el-premio-nacional-40-under-40-de-la-revista-proremodeler\\\/#primaryimage\"},\"thumbnailUrl\":\"https:\\\/\\\/fhperry.com\\\/wp-content\\\/uploads\\\/2019\\\/04\\\/angela-headshot-blue.jpg\",\"articleSection\":[\"Prensa\"],\"inLanguage\":\"es\",\"potentialAction\":[{\"@type\":\"CommentAction\",\"name\":\"Comment\",\"target\":[\"https:\\\/\\\/fhperry.com\\\/es\\\/angela-prizio-recibe-el-premio-nacional-40-under-40-de-la-revista-proremodeler\\\/#respond\"]}]},{\"@type\":\"WebPage\",\"@id\":\"https:\\\/\\\/fhperry.com\\\/es\\\/angela-prizio-recibe-el-premio-nacional-40-under-40-de-la-revista-proremodeler\\\/\",\"url\":\"https:\\\/\\\/fhperry.com\\\/es\\\/angela-prizio-recibe-el-premio-nacional-40-under-40-de-la-revista-proremodeler\\\/\",\"name\":\"Angela Prizio recibe el premio nacional \\\"40 under 40\\\" de la revista ProRemodeler - F.H. Perry Constructor\",\"isPartOf\":{\"@id\":\"https:\\\/\\\/fhperry.com\\\/es\\\/#website\"},\"primaryImageOfPage\":{\"@id\":\"https:\\\/\\\/fhperry.com\\\/es\\\/angela-prizio-recibe-el-premio-nacional-40-under-40-de-la-revista-proremodeler\\\/#primaryimage\"},\"image\":{\"@id\":\"https:\\\/\\\/fhperry.com\\\/es\\\/angela-prizio-recibe-el-premio-nacional-40-under-40-de-la-revista-proremodeler\\\/#primaryimage\"},\"thumbnailUrl\":\"https:\\\/\\\/fhperry.com\\\/wp-content\\\/uploads\\\/2019\\\/04\\\/angela-headshot-blue.jpg\",\"datePublished\":\"2019-04-04T19:57:01+00:00\",\"dateModified\":\"2022-06-01T18:55:38+00:00\",\"author\":{\"@id\":\"https:\\\/\\\/fhperry.com\\\/es\\\/#\\\/schema\\\/person\\\/5a6eaa9107d9fbdfa1bea95d5649a1c0\"},\"breadcrumb\":{\"@id\":\"https:\\\/\\\/fhperry.com\\\/es\\\/angela-prizio-recibe-el-premio-nacional-40-under-40-de-la-revista-proremodeler\\\/#breadcrumb\"},\"inLanguage\":\"es\",\"potentialAction\":[{\"@type\":\"ReadAction\",\"target\":[\"https:\\\/\\\/fhperry.com\\\/es\\\/angela-prizio-recibe-el-premio-nacional-40-under-40-de-la-revista-proremodeler\\\/\"]}]},{\"@type\":\"ImageObject\",\"inLanguage\":\"es\",\"@id\":\"https:\\\/\\\/fhperry.com\\\/es\\\/angela-prizio-recibe-el-premio-nacional-40-under-40-de-la-revista-proremodeler\\\/#primaryimage\",\"url\":\"https:\\\/\\\/fhperry.com\\\/wp-content\\\/uploads\\\/2019\\\/04\\\/angela-headshot-blue.jpg\",\"contentUrl\":\"https:\\\/\\\/fhperry.com\\\/wp-content\\\/uploads\\\/2019\\\/04\\\/angela-headshot-blue.jpg\",\"width\":400,\"height\":500},{\"@type\":\"BreadcrumbList\",\"@id\":\"https:\\\/\\\/fhperry.com\\\/es\\\/angela-prizio-recibe-el-premio-nacional-40-under-40-de-la-revista-proremodeler\\\/#breadcrumb\",\"itemListElement\":[{\"@type\":\"ListItem\",\"position\":1,\"name\":\"Hogar\",\"item\":\"https:\\\/\\\/fhperry.com\\\/es\\\/copia-casera-2\\\/\"},{\"@type\":\"ListItem\",\"position\":2,\"name\":\"Angela Prizio recibe el premio nacional &#8220;40 under 40&#8221; de la revista ProRemodeler\"}]},{\"@type\":\"WebSite\",\"@id\":\"https:\\\/\\\/fhperry.com\\\/es\\\/#website\",\"url\":\"https:\\\/\\\/fhperry.com\\\/es\\\/\",\"name\":\"F.H. Perry Constructor\",\"description\":\"\",\"potentialAction\":[{\"@type\":\"SearchAction\",\"target\":{\"@type\":\"EntryPoint\",\"urlTemplate\":\"https:\\\/\\\/fhperry.com\\\/es\\\/?s={search_term_string}\"},\"query-input\":{\"@type\":\"PropertyValueSpecification\",\"valueRequired\":true,\"valueName\":\"search_term_string\"}}],\"inLanguage\":\"es\"},{\"@type\":\"Person\",\"@id\":\"https:\\\/\\\/fhperry.com\\\/es\\\/#\\\/schema\\\/person\\\/5a6eaa9107d9fbdfa1bea95d5649a1c0\",\"name\":\"FH Perry\",\"image\":{\"@type\":\"ImageObject\",\"inLanguage\":\"es\",\"@id\":\"https:\\\/\\\/secure.gravatar.com\\\/avatar\\\/81fd80fa60eecd720bd470301f50fbac57c8968bf784858dc752d346be5768c8?s=96&d=mm&r=g\",\"url\":\"https:\\\/\\\/secure.gravatar.com\\\/avatar\\\/81fd80fa60eecd720bd470301f50fbac57c8968bf784858dc752d346be5768c8?s=96&d=mm&r=g\",\"contentUrl\":\"https:\\\/\\\/secure.gravatar.com\\\/avatar\\\/81fd80fa60eecd720bd470301f50fbac57c8968bf784858dc752d346be5768c8?s=96&d=mm&r=g\",\"caption\":\"FH Perry\"}}]}<\/script>\n<!-- \/ Yoast SEO plugin. -->","yoast_head_json":{"title":"Angela Prizio recibe el premio nacional \"40 under 40\" de la revista ProRemodeler - F.H. Perry Constructor","robots":{"index":"index","follow":"follow","max-snippet":"max-snippet:-1","max-image-preview":"max-image-preview:large","max-video-preview":"max-video-preview:-1"},"canonical":"https:\/\/fhperry.com\/es\/angela-prizio-recibe-el-premio-nacional-40-under-40-de-la-revista-proremodeler\/","og_locale":"es_ES","og_type":"article","og_title":"Angela Prizio recibe el premio nacional \"40 under 40\" de la revista ProRemodeler - F.H. Perry Constructor","og_description":"[vc_row type=\u00bbfull_width_background\u00bb full_screen_row_position=\u00bbmiddle\u00bb column_margin=\u00bbdefault\u00bb bg_image=\u00bb6642&#8243; bg_position=\u00bbleft top\u00bb bg_repeat=\u00bbno-repeat\u00bb scene_position=\u00bbcenter\u00bb text_color=\u00bbdark\u00bb text_align=\u00bbleft\u00bb bottom_padding=\u00bb0&#8243; class=\u00bbf-bg\u00bb overlay_strength=\u00bb0.3&#8243; shape_divider_position=\u00bbbottom\u00bb bg_image_animation=\u00bbnone\u00bb shape_type=\u00bb\u00bb][vc_column column_padding=\u00bbno-extra-padding\u00bb column_padding_position=\u00bball\u00bb background_color_opacity=\u00bb1&#8243; background_hover_color_opacity=\u00bb1&#8243; column_link_target=\u00bb_self\u00bb column_shadow=\u00bbnone\u00bb column_border_radius=\u00bbnone\u00bb width=\u00bb1\/1&#8243; tablet_width_inherit=\u00bbdefault\u00bb tablet_text_alignment=\u00bbdefault\u00bb phone_text_alignment=\u00bbdefault\u00bb overlay_strength=\u00bb0.3&#8243; column_border_width=\u00bbnone\u00bb...","og_url":"https:\/\/fhperry.com\/es\/angela-prizio-recibe-el-premio-nacional-40-under-40-de-la-revista-proremodeler\/","og_site_name":"F.H. Perry Constructor","article_published_time":"2019-04-04T19:57:01+00:00","article_modified_time":"2022-06-01T18:55:38+00:00","og_image":[{"width":400,"height":500,"url":"https:\/\/fhperry.com\/wp-content\/uploads\/2019\/04\/angela-headshot-blue.jpg","type":"image\/jpeg"}],"author":"FH Perry","twitter_misc":{"Escrito por":"FH Perry","Tiempo de lectura":"3 minutos"},"schema":{"@context":"https:\/\/schema.org","@graph":[{"@type":"Article","@id":"https:\/\/fhperry.com\/es\/angela-prizio-recibe-el-premio-nacional-40-under-40-de-la-revista-proremodeler\/#article","isPartOf":{"@id":"https:\/\/fhperry.com\/es\/angela-prizio-recibe-el-premio-nacional-40-under-40-de-la-revista-proremodeler\/"},"author":{"name":"FH Perry","@id":"https:\/\/fhperry.com\/es\/#\/schema\/person\/5a6eaa9107d9fbdfa1bea95d5649a1c0"},"headline":"Angela Prizio recibe el premio nacional \u00ab40 under 40\u00bb de la revista ProRemodeler","datePublished":"2019-04-04T19:57:01+00:00","dateModified":"2022-06-01T18:55:38+00:00","mainEntityOfPage":{"@id":"https:\/\/fhperry.com\/es\/angela-prizio-recibe-el-premio-nacional-40-under-40-de-la-revista-proremodeler\/"},"wordCount":551,"commentCount":0,"image":{"@id":"https:\/\/fhperry.com\/es\/angela-prizio-recibe-el-premio-nacional-40-under-40-de-la-revista-proremodeler\/#primaryimage"},"thumbnailUrl":"https:\/\/fhperry.com\/wp-content\/uploads\/2019\/04\/angela-headshot-blue.jpg","articleSection":["Prensa"],"inLanguage":"es","potentialAction":[{"@type":"CommentAction","name":"Comment","target":["https:\/\/fhperry.com\/es\/angela-prizio-recibe-el-premio-nacional-40-under-40-de-la-revista-proremodeler\/#respond"]}]},{"@type":"WebPage","@id":"https:\/\/fhperry.com\/es\/angela-prizio-recibe-el-premio-nacional-40-under-40-de-la-revista-proremodeler\/","url":"https:\/\/fhperry.com\/es\/angela-prizio-recibe-el-premio-nacional-40-under-40-de-la-revista-proremodeler\/","name":"Angela Prizio recibe el premio nacional \"40 under 40\" de la revista ProRemodeler - F.H. Perry Constructor","isPartOf":{"@id":"https:\/\/fhperry.com\/es\/#website"},"primaryImageOfPage":{"@id":"https:\/\/fhperry.com\/es\/angela-prizio-recibe-el-premio-nacional-40-under-40-de-la-revista-proremodeler\/#primaryimage"},"image":{"@id":"https:\/\/fhperry.com\/es\/angela-prizio-recibe-el-premio-nacional-40-under-40-de-la-revista-proremodeler\/#primaryimage"},"thumbnailUrl":"https:\/\/fhperry.com\/wp-content\/uploads\/2019\/04\/angela-headshot-blue.jpg","datePublished":"2019-04-04T19:57:01+00:00","dateModified":"2022-06-01T18:55:38+00:00","author":{"@id":"https:\/\/fhperry.com\/es\/#\/schema\/person\/5a6eaa9107d9fbdfa1bea95d5649a1c0"},"breadcrumb":{"@id":"https:\/\/fhperry.com\/es\/angela-prizio-recibe-el-premio-nacional-40-under-40-de-la-revista-proremodeler\/#breadcrumb"},"inLanguage":"es","potentialAction":[{"@type":"ReadAction","target":["https:\/\/fhperry.com\/es\/angela-prizio-recibe-el-premio-nacional-40-under-40-de-la-revista-proremodeler\/"]}]},{"@type":"ImageObject","inLanguage":"es","@id":"https:\/\/fhperry.com\/es\/angela-prizio-recibe-el-premio-nacional-40-under-40-de-la-revista-proremodeler\/#primaryimage","url":"https:\/\/fhperry.com\/wp-content\/uploads\/2019\/04\/angela-headshot-blue.jpg","contentUrl":"https:\/\/fhperry.com\/wp-content\/uploads\/2019\/04\/angela-headshot-blue.jpg","width":400,"height":500},{"@type":"BreadcrumbList","@id":"https:\/\/fhperry.com\/es\/angela-prizio-recibe-el-premio-nacional-40-under-40-de-la-revista-proremodeler\/#breadcrumb","itemListElement":[{"@type":"ListItem","position":1,"name":"Hogar","item":"https:\/\/fhperry.com\/es\/copia-casera-2\/"},{"@type":"ListItem","position":2,"name":"Angela Prizio recibe el premio nacional &#8220;40 under 40&#8221; de la revista ProRemodeler"}]},{"@type":"WebSite","@id":"https:\/\/fhperry.com\/es\/#website","url":"https:\/\/fhperry.com\/es\/","name":"F.H. Perry Constructor","description":"","potentialAction":[{"@type":"SearchAction","target":{"@type":"EntryPoint","urlTemplate":"https:\/\/fhperry.com\/es\/?s={search_term_string}"},"query-input":{"@type":"PropertyValueSpecification","valueRequired":true,"valueName":"search_term_string"}}],"inLanguage":"es"},{"@type":"Person","@id":"https:\/\/fhperry.com\/es\/#\/schema\/person\/5a6eaa9107d9fbdfa1bea95d5649a1c0","name":"FH Perry","image":{"@type":"ImageObject","inLanguage":"es","@id":"https:\/\/secure.gravatar.com\/avatar\/81fd80fa60eecd720bd470301f50fbac57c8968bf784858dc752d346be5768c8?s=96&d=mm&r=g","url":"https:\/\/secure.gravatar.com\/avatar\/81fd80fa60eecd720bd470301f50fbac57c8968bf784858dc752d346be5768c8?s=96&d=mm&r=g","contentUrl":"https:\/\/secure.gravatar.com\/avatar\/81fd80fa60eecd720bd470301f50fbac57c8968bf784858dc752d346be5768c8?s=96&d=mm&r=g","caption":"FH Perry"}}]}},"_links":{"self":[{"href":"https:\/\/fhperry.com\/es\/wp-json\/wp\/v2\/posts\/12906","targetHints":{"allow":["GET"]}}],"collection":[{"href":"https:\/\/fhperry.com\/es\/wp-json\/wp\/v2\/posts"}],"about":[{"href":"https:\/\/fhperry.com\/es\/wp-json\/wp\/v2\/types\/post"}],"author":[{"embeddable":true,"href":"https:\/\/fhperry.com\/es\/wp-json\/wp\/v2\/users\/18"}],"replies":[{"embeddable":true,"href":"https:\/\/fhperry.com\/es\/wp-json\/wp\/v2\/comments?post=12906"}],"version-history":[{"count":2,"href":"https:\/\/fhperry.com\/es\/wp-json\/wp\/v2\/posts\/12906\/revisions"}],"predecessor-version":[{"id":12918,"href":"https:\/\/fhperry.com\/es\/wp-json\/wp\/v2\/posts\/12906\/revisions\/12918"}],"wp:featuredmedia":[{"embeddable":true,"href":"https:\/\/fhperry.com\/es\/wp-json\/wp\/v2\/media\/10030"}],"wp:attachment":[{"href":"https:\/\/fhperry.com\/es\/wp-json\/wp\/v2\/media?parent=12906"}],"wp:term":[{"taxonomy":"category","embeddable":true,"href":"https:\/\/fhperry.com\/es\/wp-json\/wp\/v2\/categories?post=12906"},{"taxonomy":"post_tag","embeddable":true,"href":"https:\/\/fhperry.com\/es\/wp-json\/wp\/v2\/tags?post=12906"}],"curies":[{"name":"wp","href":"https:\/\/api.w.org\/{rel}","templated":true}]}}